{"id":9361,"date":"2026-08-12T15:41:37","date_gmt":"2026-08-12T15:41:37","guid":{"rendered":"https:\/\/www.markergroupe.com\/hepiyi-insurance-and-marker-groupe-present-next-generation-world-cup-communication\/"},"modified":"2026-08-13T06:23:38","modified_gmt":"2026-08-13T06:23:38","slug":"hepiyi-sigorta-ve-marker-groupedan-yeni-nesil-dunya-kupasi-iletisimi","status":"publish","type":"post","link":"https:\/\/www.markergroupe.com\/tr\/hepiyi-sigorta-ve-marker-groupedan-yeni-nesil-dunya-kupasi-iletisimi\/","title":{"rendered":"Hepiyi Sigorta ve Marker Groupe\u2019dan Yeni Nesil D\u00fcnya Kupas\u0131 \u0130leti\u015fimi"},"content":{"rendered":"\n<p class=\"wp-block-paragraph\">Hepiyi Sigorta, D\u00fcnya Kupas\u0131 kapsam\u0131nda TRT&#8217;de yay\u0131nlanan T\u00fcrk Milli Tak\u0131m\u0131 ma\u00e7lar\u0131 s\u0131ras\u0131nda Adreslenebilir TV teknolojisini kullanarak izleyicilerle ba\u011flant\u0131 kurdu. Marker Groupe ile i\u015f birli\u011fi i\u00e7inde ger\u00e7ekle\u015ftirilen kampanya, televizyonun geni\u015f eri\u015fim g\u00fcc\u00fcn\u00fc hedefli ve veri odakl\u0131 yay\u0131n teknolojisiyle birle\u015ftirdi. D\u00fcnya Kupas\u0131 grup a\u015famas\u0131 boyunca planlanan bir yay\u0131n serisinin par\u00e7as\u0131 olan proje, markalar\u0131n b\u00fcy\u00fck spor etkinliklerinde yeni nesil televizyon teknolojilerinden nas\u0131l yararlanabilece\u011fine dair dikkat \u00e7ekici bir \u00f6rnek te\u015fkil etti.<\/p>\n\n\n\n<p class=\"wp-block-paragraph\">Makalenin tamam\u0131n\u0131 okumak i\u00e7in<a href=\"https:\/\/pazarlamaturkiye.com\/hepiyi-sigorta-ve-marker-groupedan-yeni-nesil-dunya-kupasi-iletisimi\/\" rel=\"nofollow noopener\" target=\"_blank\"><strong> web sitesini <\/strong><\/a>ziyaret edin.<\/p>\n\n\n\n<p class=\"wp-block-paragraph\"><\/p>\n\n\n\n<p class=\"wp-block-paragraph\"><\/p>\n","protected":false},"excerpt":{"rendered":"<p>Hepiyi Sigorta, D\u00fcnya Kupas\u0131 kapsam\u0131nda TRT&#8217;de yay\u0131nlanan T\u00fcrk Milli Tak\u0131m\u0131 ma\u00e7lar\u0131 s\u0131ras\u0131nda Adreslenebilir TV teknolojisini kullanarak izleyicilerle ba\u011flant\u0131 kurdu. Marker Groupe ile i\u015f birli\u011fi i\u00e7inde ger\u00e7ekle\u015ftirilen kampanya, televizyonun geni\u015f eri\u015fim g\u00fcc\u00fcn\u00fc hedefli ve veri odakl\u0131 yay\u0131n teknolojisiyle birle\u015ftirdi. D\u00fcnya Kupas\u0131 grup a\u015famas\u0131 boyunca planlanan bir yay\u0131n serisinin par\u00e7as\u0131 olan proje, markalar\u0131n b\u00fcy\u00fck spor etkinliklerinde yeni [&hellip;]<\/p>\n","protected":false},"author":5,"featured_media":9359,"comment_status":"closed","ping_status":"open","sticky":false,"template":"","format":"standard","meta":{"_gspb_post_css":"","content-type":"","footnotes":""},"categories":[8],"tags":[],"class_list":["post-9361","post","type-post","status-publish","format-standard","has-post-thumbnail","hentry","category-haberler"],"blocksy_meta":{"styles_descriptor":{"styles":{"desktop":"","tablet":"","mobile":""},"google_fonts":[],"version":7}},"_links":{"self":[{"href":"https:\/\/www.markergroupe.com\/tr\/wp-json\/wp\/v2\/posts\/9361","targetHints":{"allow":["GET"]}}],"collection":[{"href":"https:\/\/www.markergroupe.com\/tr\/wp-json\/wp\/v2\/posts"}],"about":[{"href":"https:\/\/www.markergroupe.com\/tr\/wp-json\/wp\/v2\/types\/post"}],"author":[{"embeddable":true,"href":"https:\/\/www.markergroupe.com\/tr\/wp-json\/wp\/v2\/users\/5"}],"replies":[{"embeddable":true,"href":"https:\/\/www.markergroupe.com\/tr\/wp-json\/wp\/v2\/comments?post=9361"}],"version-history":[{"count":4,"href":"https:\/\/www.markergroupe.com\/tr\/wp-json\/wp\/v2\/posts\/9361\/revisions"}],"predecessor-version":[{"id":9379,"href":"https:\/\/www.markergroupe.com\/tr\/wp-json\/wp\/v2\/posts\/9361\/revisions\/9379"}],"wp:featuredmedia":[{"embeddable":true,"href":"https:\/\/www.markergroupe.com\/tr\/wp-json\/wp\/v2\/media\/9359"}],"wp:attachment":[{"href":"https:\/\/www.markergroupe.com\/tr\/wp-json\/wp\/v2\/media?parent=9361"}],"wp:term":[{"taxonomy":"category","embeddable":true,"href":"https:\/\/www.markergroupe.com\/tr\/wp-json\/wp\/v2\/categories?post=9361"},{"taxonomy":"post_tag","embeddable":true,"href":"https:\/\/www.markergroupe.com\/tr\/wp-json\/wp\/v2\/tags?post=9361"}],"curies":[{"name":"wp","href":"https:\/\/api.w.org\/{rel}","templated":true}]}}