{"id":9351,"date":"2026-08-12T14:31:44","date_gmt":"2026-08-12T14:31:44","guid":{"rendered":"https:\/\/www.markergroupe.com\/next-generation-communication-from-damat-tween-and-marker-groupe-during-world-cup-broadcasts\/"},"modified":"2026-08-13T06:29:18","modified_gmt":"2026-08-13T06:29:18","slug":"damat-tween-ve-marker-groupedan-dunya-kupasi-yayinlarinda-yeni-nesil-iletisim","status":"publish","type":"post","link":"https:\/\/www.markergroupe.com\/tr\/damat-tween-ve-marker-groupedan-dunya-kupasi-yayinlarinda-yeni-nesil-iletisim\/","title":{"rendered":"Damat Tween ve Marker Groupe\u2019dan D\u00fcnya Kupas\u0131 Yay\u0131nlar\u0131nda Yeni Nesil \u0130leti\u015fim"},"content":{"rendered":"\n<p class=\"wp-block-paragraph\">Damat Tween, T\u00fcrkiye Milli Futbol Tak\u0131mlar\u0131\u2019n\u0131n Resmi Moda Sponsoru olarak, D\u00fcnya Kupas\u0131 kapsam\u0131nda TRT\u2019de yay\u0131nlanan Milli Tak\u0131m ma\u00e7lar\u0131nda Addressable TV teknolojisiyle izleyicilerle bulu\u015ftu. Marker Groupe i\u015f birli\u011fiyle ger\u00e7ekle\u015ftirilen kampanya, markan\u0131n sporla olan g\u00fc\u00e7l\u00fc ba\u011f\u0131n\u0131 yeni nesil yay\u0131n teknolojileriyle ekranlara ta\u015f\u0131d\u0131. D\u00fcnya Kupas\u0131 gibi milyonlarca izleyiciye ula\u015fan b\u00fcy\u00fck bir organizasyon kapsam\u0131nda hayata ge\u00e7irilen proje, spor ileti\u015fimi ile veri odakl\u0131 televizyon reklamc\u0131l\u0131\u011f\u0131n\u0131n ba\u015far\u0131l\u0131 bir \u00f6rne\u011fi olarak \u00f6ne \u00e7\u0131kt\u0131.<\/p>\n\n\n\n<p class=\"wp-block-paragraph\">Makalenin geri kalan\u0131n\u0131 okumak i\u00e7in\u00a0<strong><a href=\"https:\/\/pazarlamaturkiye.com\/damat-tween-ve-marker-groupedan-dunya-kupasi-yayinlarinda-yeni-nesil-iletisim\/\" rel=\"nofollow noopener\" target=\"_blank\">web sitesini<\/a><\/strong>\u00a0ziyaret edin.<\/p>\n","protected":false},"excerpt":{"rendered":"<p>Damat Tween, T\u00fcrkiye Milli Futbol Tak\u0131mlar\u0131\u2019n\u0131n Resmi Moda Sponsoru olarak, D\u00fcnya Kupas\u0131 kapsam\u0131nda TRT\u2019de yay\u0131nlanan Milli Tak\u0131m ma\u00e7lar\u0131nda Addressable TV teknolojisiyle izleyicilerle bulu\u015ftu. Marker Groupe i\u015f birli\u011fiyle ger\u00e7ekle\u015ftirilen kampanya, markan\u0131n sporla olan g\u00fc\u00e7l\u00fc ba\u011f\u0131n\u0131 yeni nesil yay\u0131n teknolojileriyle ekranlara ta\u015f\u0131d\u0131. D\u00fcnya Kupas\u0131 gibi milyonlarca izleyiciye ula\u015fan b\u00fcy\u00fck bir organizasyon kapsam\u0131nda hayata ge\u00e7irilen proje, spor ileti\u015fimi [&hellip;]<\/p>\n","protected":false},"author":2,"featured_media":9349,"comment_status":"closed","ping_status":"open","sticky":false,"template":"","format":"standard","meta":{"_gspb_post_css":"","content-type":"","footnotes":""},"categories":[8],"tags":[],"class_list":["post-9351","post","type-post","status-publish","format-standard","has-post-thumbnail","hentry","category-haberler"],"blocksy_meta":{"styles_descriptor":{"styles":{"desktop":"","tablet":"","mobile":""},"google_fonts":[],"version":7}},"_links":{"self":[{"href":"https:\/\/www.markergroupe.com\/tr\/wp-json\/wp\/v2\/posts\/9351","targetHints":{"allow":["GET"]}}],"collection":[{"href":"https:\/\/www.markergroupe.com\/tr\/wp-json\/wp\/v2\/posts"}],"about":[{"href":"https:\/\/www.markergroupe.com\/tr\/wp-json\/wp\/v2\/types\/post"}],"author":[{"embeddable":true,"href":"https:\/\/www.markergroupe.com\/tr\/wp-json\/wp\/v2\/users\/2"}],"replies":[{"embeddable":true,"href":"https:\/\/www.markergroupe.com\/tr\/wp-json\/wp\/v2\/comments?post=9351"}],"version-history":[{"count":3,"href":"https:\/\/www.markergroupe.com\/tr\/wp-json\/wp\/v2\/posts\/9351\/revisions"}],"predecessor-version":[{"id":9384,"href":"https:\/\/www.markergroupe.com\/tr\/wp-json\/wp\/v2\/posts\/9351\/revisions\/9384"}],"wp:featuredmedia":[{"embeddable":true,"href":"https:\/\/www.markergroupe.com\/tr\/wp-json\/wp\/v2\/media\/9349"}],"wp:attachment":[{"href":"https:\/\/www.markergroupe.com\/tr\/wp-json\/wp\/v2\/media?parent=9351"}],"wp:term":[{"taxonomy":"category","embeddable":true,"href":"https:\/\/www.markergroupe.com\/tr\/wp-json\/wp\/v2\/categories?post=9351"},{"taxonomy":"post_tag","embeddable":true,"href":"https:\/\/www.markergroupe.com\/tr\/wp-json\/wp\/v2\/tags?post=9351"}],"curies":[{"name":"wp","href":"https:\/\/api.w.org\/{rel}","templated":true}]}}